{"id":489,"date":"2015-01-19T13:07:03","date_gmt":"2015-01-19T12:07:03","guid":{"rendered":"http:\/\/www.bandacastanoprimo.it\/blog\/?p=489"},"modified":"2015-01-19T13:07:03","modified_gmt":"2015-01-19T12:07:03","slug":"ripresa-prove-2","status":"publish","type":"post","link":"https:\/\/www.bandacastanoprimo.it\/blog\/2015\/01\/ripresa-prove-2\/","title":{"rendered":"Ripresa prove"},"content":{"rendered":"<p>Buongiorno a tutti,<\/p>\n<p>ricordo che, dopo la meritata pausa natalizia, domani, <strong><span style=\"color: #24890d;\">MARTEDI&#8217; 20 GENNAIO 2015<\/span><\/strong>, riprenderanno le consuete prove settimanali .<\/p>\n<p>Come sempre chiediamo a tutti la massima partecipazione fin da ora per poter preparare al meglio il prossimo concerto di primavera, in programma per la fine di Aprile.<\/p>\n<p>Quindi.. A domani..<\/p>\n","protected":false},"excerpt":{"rendered":"<p>Buongiorno a tutti, ricordo che, dopo la meritata pausa natalizia, domani, MARTEDI&#8217; [&hellip;]<\/p>\n","protected":false},"author":2,"featured_media":0,"comment_status":"open","ping_status":"open","sticky":false,"template":"","format":"standard","meta":{"spay_email":"","jetpack_publicize_message":"","jetpack_is_tweetstorm":false,"jetpack_publicize_feature_enabled":true},"categories":[2,4],"tags":[],"jetpack_featured_media_url":"","jetpack_publicize_connections":[],"jetpack_shortlink":"https:\/\/wp.me\/p42pmM-7T","jetpack_sharing_enabled":true,"jetpack_likes_enabled":true,"jetpack-related-posts":[{"id":422,"url":"https:\/\/www.bandacastanoprimo.it\/blog\/2014\/09\/ripresa-prove\/","url_meta":{"origin":489,"position":0},"title":"Ripresa prove","date":"2 Settembre 2014","format":false,"excerpt":"Dopo le meritate vacanze, che speriamo siano state all'insegna del sole e del caldo per tutti, ritorniamo al nostro hobby preferito. Vi aspettiamo quindi tutti questa sera MARTEDI' 02.09.2014 ore 21.00 in sede per le prove. Raccomandiamo come sempre presenza e costanza alle prove sia per gli svariati servizi che\u2026","rel":"","context":"In &quot;Avvisi&quot;","img":{"alt_text":"","src":"","width":0,"height":0},"classes":[]},{"id":207,"url":"https:\/\/www.bandacastanoprimo.it\/blog\/2013\/11\/ecco-le-nostre-prove-foto\/","url_meta":{"origin":489,"position":1},"title":"Ecco le nostre prove! [foto]","date":"19 Novembre 2013","format":false,"excerpt":"Siete curiosi di vedere delle immagini in anteprima delle prove che si sono svolte ieri sera nella nostra bellissima sede? Ecco a voi alcune foto scattate ieri sera. Come potete notare, nonostante gli spazi angusti e lo stato della struttura in cui proviamo ogni marted\u00ec, siamo riusciti ad organizzarci per\u2026","rel":"","context":"In &quot;Marted\u00ec sera&quot;","img":{"alt_text":"","src":"","width":0,"height":0},"classes":[]},{"id":336,"url":"https:\/\/www.bandacastanoprimo.it\/blog\/2014\/04\/prove-aggiuntive\/","url_meta":{"origin":489,"position":2},"title":"Prove EXTRA","date":"6 Aprile 2014","format":false,"excerpt":"Ciao a tutti, il concerto del primo maggio si avvicina (ricordo che sar\u00e0 MERCOLEDI' 30 APRILE all'auditorium) e, per prepararci al meglio, Mario ci chiede uno sforzo supplementare con due prove aggiuntive oltre al solito appuntamento del marted\u00ec sera. La prima prova \u00e8 fissata per LUNEDI' 14 APRILE, mentre la\u2026","rel":"","context":"In &quot;Avvisi&quot;","img":{"alt_text":"","src":"","width":0,"height":0},"classes":[]},{"id":467,"url":"https:\/\/www.bandacastanoprimo.it\/blog\/2014\/12\/festa-di-natale-per-i-musicanti\/","url_meta":{"origin":489,"position":3},"title":"Festa di natale per i musicanti","date":"15 Dicembre 2014","format":false,"excerpt":"Avviso di servizio per i musicanti. Marted\u00ec 23 dicembre alle 20.15 presso la sede di Corso san Rocco si terr\u00e0 la tradizionale cena per i musicanti per scambiarci gli auguri di buon natale e buon anno! Ovviamente le prove del marted\u00ec sono sospese fino al nuovo anno :) Ci vediamo\u2026","rel":"","context":"In &quot;Momenti in compagnia&quot;","img":{"alt_text":"","src":"","width":0,"height":0},"classes":[]},{"id":742,"url":"https:\/\/www.bandacastanoprimo.it\/blog\/2016\/11\/finiti-i-festeggiamenti-ecco-i-prossimi-impegni\/","url_meta":{"origin":489,"position":4},"title":"Finiti i festeggiamenti, ecco i prossimi impegni!","date":"22 Novembre 2016","format":false,"excerpt":"Eccoci qui, reduci dai tradizionali festeggiamenti di Santa Cecilia, nostra patrona. Dopo l'accoppiata Messa del sabato sera + pranzo domenicale (qui le foto ) ci aspetta un intenso periodo tra prove e impegni vari, prima della meritata pausa natalizia. Ecco un breve riassunto dei prossimi impegni. Ogni marted\u00ec le prove\u2026","rel":"","context":"In &quot;Avvisi&quot;","img":{"alt_text":"","src":"","width":0,"height":0},"classes":[]},{"id":655,"url":"https:\/\/www.bandacastanoprimo.it\/blog\/2016\/01\/convocazione-assemblea-soci\/","url_meta":{"origin":489,"position":5},"title":"Convocazione Assemblea Soci","date":"7 Gennaio 2016","format":false,"excerpt":"Buongiorno a tutti, innanzitutto auguriamo un buon anno, poi vi ricordiamo che \u00e8 stata convocata un'assemblea generale marted\u00ec prossimo al posto delle prove con il seguente ordine del giorno: - Riepilogo attivit\u00e0 anno 2015 \/ Previsione attivit\u00e0 anno 2016 - Breve bilancio economico anno 2015 \/ Previsione bilancio economico anno\u2026","rel":"","context":"In &quot;Dal Consiglio&quot;","img":{"alt_text":"","src":"","width":0,"height":0},"classes":[]}],"_links":{"self":[{"href":"https:\/\/www.bandacastanoprimo.it\/blog\/wp-json\/wp\/v2\/posts\/489"}],"collection":[{"href":"https:\/\/www.bandacastanoprimo.it\/blog\/wp-json\/wp\/v2\/posts"}],"about":[{"href":"https:\/\/www.bandacastanoprimo.it\/blog\/wp-json\/wp\/v2\/types\/post"}],"author":[{"embeddable":true,"href":"https:\/\/www.bandacastanoprimo.it\/blog\/wp-json\/wp\/v2\/users\/2"}],"replies":[{"embeddable":true,"href":"https:\/\/www.bandacastanoprimo.it\/blog\/wp-json\/wp\/v2\/comments?post=489"}],"version-history":[{"count":1,"href":"https:\/\/www.bandacastanoprimo.it\/blog\/wp-json\/wp\/v2\/posts\/489\/revisions"}],"predecessor-version":[{"id":490,"href":"https:\/\/www.bandacastanoprimo.it\/blog\/wp-json\/wp\/v2\/posts\/489\/revisions\/490"}],"wp:attachment":[{"href":"https:\/\/www.bandacastanoprimo.it\/blog\/wp-json\/wp\/v2\/media?parent=489"}],"wp:term":[{"taxonomy":"category","embeddable":true,"href":"https:\/\/www.bandacastanoprimo.it\/blog\/wp-json\/wp\/v2\/categories?post=489"},{"taxonomy":"post_tag","embeddable":true,"href":"https:\/\/www.bandacastanoprimo.it\/blog\/wp-json\/wp\/v2\/tags?post=489"}],"curies":[{"name":"wp","href":"https:\/\/api.w.org\/{rel}","templated":true}]}}