{"id":479,"date":"2015-01-08T19:17:10","date_gmt":"2015-01-08T18:17:10","guid":{"rendered":"http:\/\/www.bandacastanoprimo.it\/blog\/?p=479"},"modified":"2015-01-08T19:17:10","modified_gmt":"2015-01-08T18:17:10","slug":"convocazione-consiglio","status":"publish","type":"post","link":"https:\/\/www.bandacastanoprimo.it\/blog\/2015\/01\/convocazione-consiglio\/","title":{"rendered":"Convocazione consiglio"},"content":{"rendered":"<p>Ragazzi, martedi 13 ricomincia l&#8217;attivit\u00e0 con l&#8217; assemblea annuale durante la quale verr\u00e0 ricostituito il consiglio e designato il nuovo presidente. Per chi vuole candidarsi a consigliere Appuntamento entro le 21.00, per&nbsp; tutti alle 21.15 mi raccomando massima presenza per le votazioni altrimenti dobbiamo rifare una nuova assemblea secondo le norme costitutive.&nbsp;&nbsp;&nbsp;&nbsp;&nbsp;&nbsp;&nbsp;&nbsp;&nbsp;&nbsp;&nbsp;&nbsp;&nbsp;&nbsp;&nbsp;&nbsp;&nbsp;&nbsp;&nbsp;&nbsp;&nbsp;&nbsp;&nbsp;&nbsp; Grazie in anticipo a tutti per la partecipazione<\/p>\n","protected":false},"excerpt":{"rendered":"<p>Ragazzi, martedi 13 ricomincia l&#8217;attivit\u00e0 con l&#8217; assemblea annuale durante la quale [&hellip;]<\/p>\n","protected":false},"author":1,"featured_media":0,"comment_status":"open","ping_status":"open","sticky":false,"template":"","format":"standard","meta":{"spay_email":"","jetpack_publicize_message":"","jetpack_is_tweetstorm":false,"jetpack_publicize_feature_enabled":true},"categories":[2,4],"tags":[],"jetpack_featured_media_url":"","jetpack_publicize_connections":[],"jetpack_shortlink":"https:\/\/wp.me\/p42pmM-7J","jetpack_sharing_enabled":true,"jetpack_likes_enabled":true,"jetpack-related-posts":[{"id":655,"url":"https:\/\/www.bandacastanoprimo.it\/blog\/2016\/01\/convocazione-assemblea-soci\/","url_meta":{"origin":479,"position":0},"title":"Convocazione Assemblea Soci","date":"7 Gennaio 2016","format":false,"excerpt":"Buongiorno a tutti, innanzitutto auguriamo un buon anno, poi vi ricordiamo che \u00e8 stata convocata un'assemblea generale marted\u00ec prossimo al posto delle prove con il seguente ordine del giorno: - Riepilogo attivit\u00e0 anno 2015 \/ Previsione attivit\u00e0 anno 2016 - Breve bilancio economico anno 2015 \/ Previsione bilancio economico anno\u2026","rel":"","context":"In &quot;Dal Consiglio&quot;","img":{"alt_text":"","src":"","width":0,"height":0},"classes":[]},{"id":322,"url":"https:\/\/www.bandacastanoprimo.it\/blog\/2014\/02\/convocazione-assemblea-soci-2014\/","url_meta":{"origin":479,"position":1},"title":"Convocazione assemblea soci 2014","date":"26 Febbraio 2014","format":false,"excerpt":"Avvisiamo tutti gli iscritti all'associazione \"CORPO MUSICALE SANTA CECILIA CASTANO PRIMO\" (ovvero tutti i musicanti) che parte della prova di marted\u00ec prossimo sar\u00e0 dedicata all'assemblea soci 2014 con il seguente ordine del giorno: - Chiusura bilancio 2013 e previsione 2014 - Convenzione comunale 2014 - Calendario impegni e concerti -\u2026","rel":"","context":"In &quot;Avvisi&quot;","img":{"alt_text":"","src":"","width":0,"height":0},"classes":[]},{"id":483,"url":"https:\/\/www.bandacastanoprimo.it\/blog\/2015\/01\/consiglio-direttivo-2015-2020\/","url_meta":{"origin":479,"position":2},"title":"Consiglio direttivo 2015 &#8211; 2020","date":"16 Gennaio 2015","format":false,"excerpt":"Come molti di voi ben sanno, marted\u00ec 13 gennaio 2015\u00a0\u00e8 stato eletto il nuovo consiglio direttivo del Corpo Musicale, che rimarr\u00e0 in carica per cinque anni, fino a gennaio 2020. Di seguito il risultato delle votazioni: Ivo C. : 23 preferenze (eletto) Nicola I. : 22 preferenze (eletto) Emanuele G.\u2026","rel":"","context":"In &quot;Dal Consiglio&quot;","img":{"alt_text":"","src":"","width":0,"height":0},"classes":[]},{"id":454,"url":"https:\/\/www.bandacastanoprimo.it\/blog\/2014\/11\/modifica-statuto\/","url_meta":{"origin":479,"position":3},"title":"Modifica Statuto","date":"11 Novembre 2014","format":false,"excerpt":"A seguito dell'assemblea generale tenutasi ieri c\/o la nostra sede, informiamo tutti i soci e musicanti che \u00e8 stato deliberato di modificare lo statuto dell'associazione relativamente agli articoli 9 (elezione e composizione consiglio) e 10 (elezione e nomina del presidente e vicepresidente). Tutti i soci e musicanti sono pertanto invitati\u2026","rel":"","context":"In &quot;Avvisi&quot;","img":{"alt_text":"","src":"","width":0,"height":0},"classes":[]},{"id":663,"url":"https:\/\/www.bandacastanoprimo.it\/blog\/2016\/02\/cosa-bolle-in-pentola-2\/","url_meta":{"origin":479,"position":4},"title":"Cosa bolle in pentola?","date":"9 Febbraio 2016","format":false,"excerpt":"Anno nuovo...vita nuova?\u00a0Questo 2016 infatti dovrebbe portare qualche novit\u00e0 all'interno del nostro Corpo Musicale, ma andiamo con\u00a0ordine. Iniziamo con le prove della scuola musica, che sono ormai iniziate da un mese e che ci porteranno al concerto del 30 aprile. Visto il successo dello scorso anno, abbiamo voluto proporre ancora\u2026","rel":"","context":"In &quot;Avvisi&quot;","img":{"alt_text":"","src":"","width":0,"height":0},"classes":[]},{"id":742,"url":"https:\/\/www.bandacastanoprimo.it\/blog\/2016\/11\/finiti-i-festeggiamenti-ecco-i-prossimi-impegni\/","url_meta":{"origin":479,"position":5},"title":"Finiti i festeggiamenti, ecco i prossimi impegni!","date":"22 Novembre 2016","format":false,"excerpt":"Eccoci qui, reduci dai tradizionali festeggiamenti di Santa Cecilia, nostra patrona. Dopo l'accoppiata Messa del sabato sera + pranzo domenicale (qui le foto ) ci aspetta un intenso periodo tra prove e impegni vari, prima della meritata pausa natalizia. Ecco un breve riassunto dei prossimi impegni. Ogni marted\u00ec le prove\u2026","rel":"","context":"In &quot;Avvisi&quot;","img":{"alt_text":"","src":"","width":0,"height":0},"classes":[]}],"_links":{"self":[{"href":"https:\/\/www.bandacastanoprimo.it\/blog\/wp-json\/wp\/v2\/posts\/479"}],"collection":[{"href":"https:\/\/www.bandacastanoprimo.it\/blog\/wp-json\/wp\/v2\/posts"}],"about":[{"href":"https:\/\/www.bandacastanoprimo.it\/blog\/wp-json\/wp\/v2\/types\/post"}],"author":[{"embeddable":true,"href":"https:\/\/www.bandacastanoprimo.it\/blog\/wp-json\/wp\/v2\/users\/1"}],"replies":[{"embeddable":true,"href":"https:\/\/www.bandacastanoprimo.it\/blog\/wp-json\/wp\/v2\/comments?post=479"}],"version-history":[{"count":1,"href":"https:\/\/www.bandacastanoprimo.it\/blog\/wp-json\/wp\/v2\/posts\/479\/revisions"}],"predecessor-version":[{"id":480,"href":"https:\/\/www.bandacastanoprimo.it\/blog\/wp-json\/wp\/v2\/posts\/479\/revisions\/480"}],"wp:attachment":[{"href":"https:\/\/www.bandacastanoprimo.it\/blog\/wp-json\/wp\/v2\/media?parent=479"}],"wp:term":[{"taxonomy":"category","embeddable":true,"href":"https:\/\/www.bandacastanoprimo.it\/blog\/wp-json\/wp\/v2\/categories?post=479"},{"taxonomy":"post_tag","embeddable":true,"href":"https:\/\/www.bandacastanoprimo.it\/blog\/wp-json\/wp\/v2\/tags?post=479"}],"curies":[{"name":"wp","href":"https:\/\/api.w.org\/{rel}","templated":true}]}}