{"id":436,"date":"2014-10-21T10:51:29","date_gmt":"2014-10-21T08:51:29","guid":{"rendered":"http:\/\/www.bandacastanoprimo.it\/blog\/?p=436"},"modified":"2014-10-21T10:53:11","modified_gmt":"2014-10-21T08:53:11","slug":"prove-generali-concerto-dautunno","status":"publish","type":"post","link":"https:\/\/www.bandacastanoprimo.it\/blog\/2014\/10\/prove-generali-concerto-dautunno\/","title":{"rendered":"Prova Generale &#8220;Concerto d&#8217;autunno&#8221;"},"content":{"rendered":"<p>PROVA GENERALE &#8220;CONCERTO D&#8217;AUTUNNO&#8221;<\/p>\n<p><strong><span style=\"color: #24890d;\">MERCOLEDI&#8217; 22.10.2014 ore 21.00<\/span><\/strong><\/p>\n<p>c\/o AUDITORIUM &#8220;PACCAGNINI&#8221;<\/p>\n<p>ciaciao =)<\/p>\n","protected":false},"excerpt":{"rendered":"<p>PROVA GENERALE &#8220;CONCERTO D&#8217;AUTUNNO&#8221; MERCOLEDI&#8217; 22.10.2014 ore 21.00 c\/o AUDITORIUM &#8220;PACCAGNINI&#8221; ciaciao [&hellip;]<\/p>\n","protected":false},"author":2,"featured_media":0,"comment_status":"open","ping_status":"open","sticky":false,"template":"","format":"standard","meta":{"spay_email":"","jetpack_publicize_message":"","jetpack_is_tweetstorm":false,"jetpack_publicize_feature_enabled":true},"categories":[2],"tags":[],"jetpack_featured_media_url":"","jetpack_publicize_connections":[],"jetpack_shortlink":"https:\/\/wp.me\/p42pmM-72","jetpack_sharing_enabled":true,"jetpack_likes_enabled":true,"jetpack-related-posts":[{"id":351,"url":"https:\/\/www.bandacastanoprimo.it\/blog\/2014\/04\/aggiornamenti-fine-aprile-2014\/","url_meta":{"origin":436,"position":0},"title":"Aggiornamenti fine aprile 2014 (ORARI MODIFICATI)","date":"26 Aprile 2014","format":false,"excerpt":"Qualche veloce comunicazione ai musicanti: Marted\u00ec 29 Aprile ore 17.00\u00a0 ->\u00a0 Ritrovo in sede per allestimento Auditorium (per chi ritarda ritrovo in Auditorium alle 18) Marted\u00ec 29 Aprile ore 21.00\u00a0 ->\u00a0 Prova generale in AUDITORIUM Mercoled\u00ec 30 Aprile ore 21.00\u00a0 ->\u00a0 Concerto in AUDITORIUM (ritrovo musicanti ore 20.30) Domenica 4\u2026","rel":"","context":"In &quot;Avvisi&quot;","img":{"alt_text":"","src":"","width":0,"height":0},"classes":[]},{"id":443,"url":"https:\/\/www.bandacastanoprimo.it\/blog\/2014\/10\/cortei-e-ricorrenze-autunnali\/","url_meta":{"origin":436,"position":1},"title":"Cortei e ricorrenze AUTUNNALI","date":"24 Ottobre 2014","format":false,"excerpt":"Arriva l'autunno col suo carico di cortei e ricorrenze, ma anche (per fortuna) di festa e giubilo.. Sabato 25\/10\/2014 ore 20.30 in Auditorium\u00a0 -> Concerto d'Autunno Domenica 26\/10\/2014 ore 10.15 in sede\u00a0 -> Servizio Patronale Domenica 02\/11\/2014 ore 08.15 in sede -> Corteo 4NOVEMBRE (Castano Primo) Sabato 08\/11\/2014 ore 14.15\u2026","rel":"","context":"In &quot;Avvisi&quot;","img":{"alt_text":"","src":"","width":0,"height":0},"classes":[]},{"id":341,"url":"https:\/\/www.bandacastanoprimo.it\/blog\/2014\/04\/30-04-2014-concerto-di-primavera\/","url_meta":{"origin":436,"position":2},"title":"30.04.2014 Concerto di primavera","date":"18 Aprile 2014","format":false,"excerpt":"Il Corpo Musicale \"SANTA CECILIA\", diretto dal Maestro MARIO ARRIGONI, presenta: A \"TEMPO\"... DI DANZA CONCERTO DI PRIMAVERA 2014 MERCOLEDI' 30 APRILE 2014 ore 21.00 Auditorium \"Paccagnini\" - Castano Primo PROGRAMMA: Tielman Susato: BATTLE PAVANE (da \"The Danserye\") Franco Cesarini (arr.): REINASSANCE SUITE Johann Strauss II: WEIN, WEIB UND GESANG\u2026","rel":"","context":"In &quot;Concerti&quot;","img":{"alt_text":"","src":"","width":0,"height":0},"classes":[]},{"id":551,"url":"https:\/\/www.bandacastanoprimo.it\/blog\/2015\/04\/ci-siamo\/","url_meta":{"origin":436,"position":3},"title":"Ci siamo&#8230;","date":"30 Aprile 2015","format":false,"excerpt":"In queste settimane abbiamo voluto anticiparvi i contenuti del concerto di questa sera, per stuzzicare la vostra curiosit\u00e0 e alimentare la fame di musica di tutti voi. Come abbiamo gi\u00e0 detto altre volte, si tratta di uno dei programmi pi\u00f9 complessi e appaganti che abbiamo mai studiato in oltre cento\u2026","rel":"","context":"In &quot;Concerti&quot;","img":{"alt_text":"","src":"","width":0,"height":0},"classes":[]},{"id":440,"url":"https:\/\/www.bandacastanoprimo.it\/blog\/2014\/10\/la-natura-luomo-e-la-musica-concerto-dautunno-2014\/","url_meta":{"origin":436,"position":4},"title":"&#8220;La natura, l&#8217;uomo e &#8230; la musica&#8221;: concerto d&#8217;autunno 2014","date":"22 Ottobre 2014","format":false,"excerpt":"Il Corpo Musicale \"SANTA CECILIA\", diretto dal Maestro MARIO ARRIGONI, presenta: LA NATURA, L'UOMO E ... LA MUSICA CONCERTO D'AUTUNNO 2014 SABATO 25 OTTOBRE 2014 ore 21.15 Auditorium \"Paccagnini\" - Castano Primo PROGRAMMA: Jan Van Der Roost: ORION Georg Friedrich H\u00e4ndel: WATER MUSIC SUITE Edvard Grieg: LAST SPRING Nikolaj Andreevi\u010d\u2026","rel":"","context":"In &quot;Concerti&quot;","img":{"alt_text":"","src":"","width":0,"height":0},"classes":[]},{"id":650,"url":"https:\/\/www.bandacastanoprimo.it\/blog\/2015\/12\/mancano-solo-sette-giorni\/","url_meta":{"origin":436,"position":5},"title":"Mancano solo sette giorni&#8230;.","date":"15 Dicembre 2015","format":false,"excerpt":"Manca poco ormai...ancora qualche prova serale e poi ci siamo.... Siete tutti invitati al concerto di Natale 2015 che, in via del tutto eccezionale, non rispetter\u00e0 la tradizione decennale di esser eseguito all'interno delle chiese castanesi e verr\u00e0 quindi proposto dal palco dell'Auditorium Paccagnini di Castano Primo. Data l'occasione di\u2026","rel":"","context":"In &quot;Concerti&quot;","img":{"alt_text":"","src":"","width":0,"height":0},"classes":[]}],"_links":{"self":[{"href":"https:\/\/www.bandacastanoprimo.it\/blog\/wp-json\/wp\/v2\/posts\/436"}],"collection":[{"href":"https:\/\/www.bandacastanoprimo.it\/blog\/wp-json\/wp\/v2\/posts"}],"about":[{"href":"https:\/\/www.bandacastanoprimo.it\/blog\/wp-json\/wp\/v2\/types\/post"}],"author":[{"embeddable":true,"href":"https:\/\/www.bandacastanoprimo.it\/blog\/wp-json\/wp\/v2\/users\/2"}],"replies":[{"embeddable":true,"href":"https:\/\/www.bandacastanoprimo.it\/blog\/wp-json\/wp\/v2\/comments?post=436"}],"version-history":[{"count":3,"href":"https:\/\/www.bandacastanoprimo.it\/blog\/wp-json\/wp\/v2\/posts\/436\/revisions"}],"predecessor-version":[{"id":439,"href":"https:\/\/www.bandacastanoprimo.it\/blog\/wp-json\/wp\/v2\/posts\/436\/revisions\/439"}],"wp:attachment":[{"href":"https:\/\/www.bandacastanoprimo.it\/blog\/wp-json\/wp\/v2\/media?parent=436"}],"wp:term":[{"taxonomy":"category","embeddable":true,"href":"https:\/\/www.bandacastanoprimo.it\/blog\/wp-json\/wp\/v2\/categories?post=436"},{"taxonomy":"post_tag","embeddable":true,"href":"https:\/\/www.bandacastanoprimo.it\/blog\/wp-json\/wp\/v2\/tags?post=436"}],"curies":[{"name":"wp","href":"https:\/\/api.w.org\/{rel}","templated":true}]}}