{"id":403,"date":"2014-07-09T11:15:05","date_gmt":"2014-07-09T09:15:05","guid":{"rendered":"http:\/\/www.bandacastanoprimo.it\/blog\/?p=403"},"modified":"2015-07-15T08:53:23","modified_gmt":"2015-07-15T06:53:23","slug":"hurricanes-beerbanda-video","status":"publish","type":"post","link":"https:\/\/www.bandacastanoprimo.it\/blog\/2014\/07\/hurricanes-beerbanda-video\/","title":{"rendered":"Hurricanes @ BeerBanda [VIDEO]"},"content":{"rendered":"<p><span class=\"embed-youtube\" style=\"text-align:center; display: block;\"><iframe loading=\"lazy\" class=\"youtube-player\" width=\"1170\" height=\"659\" src=\"https:\/\/www.youtube.com\/embed\/ZxlNZzsygFE?version=3&#038;rel=1&#038;showsearch=0&#038;showinfo=1&#038;iv_load_policy=1&#038;fs=1&#038;hl=it-IT&#038;autohide=2&#038;wmode=transparent\" allowfullscreen=\"true\" style=\"border:0;\" sandbox=\"allow-scripts allow-same-origin allow-popups allow-presentation\"><\/iframe><\/span><\/p>\n","protected":false},"excerpt":{"rendered":"","protected":false},"author":1,"featured_media":0,"comment_status":"open","ping_status":"open","sticky":false,"template":"","format":"standard","meta":{"spay_email":"","jetpack_publicize_message":"","jetpack_is_tweetstorm":false,"jetpack_publicize_feature_enabled":true},"categories":[12],"tags":[],"jetpack_featured_media_url":"","jetpack_publicize_connections":[],"jetpack_shortlink":"https:\/\/wp.me\/p42pmM-6v","jetpack_sharing_enabled":true,"jetpack_likes_enabled":true,"jetpack-related-posts":[{"id":371,"url":"https:\/\/www.bandacastanoprimo.it\/blog\/2014\/06\/sazieremo-la-vostra-sete\/","url_meta":{"origin":403,"position":0},"title":"Sazieremo la vostra sete","date":"20 Giugno 2014","format":false,"excerpt":"Mancano meno di due settimane alla prima edizione del BeerBanda, e faremo di tutto per saziare la vostra sete! Bisogna iniziare ad acclimatarsi, ad entrare nello spirito della festa, giusto?","rel":"","context":"In &quot;Festa della banda&quot;","img":{"alt_text":"","src":"","width":0,"height":0},"classes":[]},{"id":705,"url":"https:\/\/www.bandacastanoprimo.it\/blog\/2016\/07\/importanti-novita-social\/","url_meta":{"origin":403,"position":1},"title":"Importanti novit\u00e0 &#8220;Social&#8221;","date":"5 Luglio 2016","format":false,"excerpt":"Con il decimo \"BeerBanda\" alle porte \u00e8 giusto ricordare i nostri nuovi canali social che vi permettono di esser aggiornati su tutte le novit\u00e0 del nostro amato Corpo Musicale Pagina facebook ufficiale : https:\/\/www.facebook.com\/bandacastanoprimo Profilo Instagram ufficiale: https:\/\/www.instagram.com\/bandacastanoprimo\/ Album fotografici: https:\/\/plus.google.com\/113445908398143502648\/photos Canale youtube: https:\/\/www.youtube.com\/user\/bandacastanoprimo Canale telegram: https:\/\/telegram.me\/bandacastanoprimo Nel frattempo...ci vediamo\u2026","rel":"","context":"In &quot;Avvisi&quot;","img":{"alt_text":"","src":"","width":0,"height":0},"classes":[]},{"id":389,"url":"https:\/\/www.bandacastanoprimo.it\/blog\/2014\/06\/filmato-storia-della-banda-concerto-giugno-2014\/","url_meta":{"origin":403,"position":2},"title":"Filmato &#8220;Storia della banda&#8221; &#8211; Concerto Giugno 2014","date":"29 Giugno 2014","format":false,"excerpt":"https:\/\/www.youtube.com\/watch?v=MRuhNq94xPU","rel":"","context":"In &quot;Senza categoria&quot;","img":{"alt_text":"","src":"https:\/\/i0.wp.com\/img.youtube.com\/vi\/MRuhNq94xPU\/0.jpg?resize=350%2C200","width":350,"height":200},"classes":[]},{"id":588,"url":"https:\/\/www.bandacastanoprimo.it\/blog\/2015\/06\/beerbanda-nona-festa-della-banda\/","url_meta":{"origin":403,"position":3},"title":"BeerBanda &#8211; Nona festa della banda","date":"9 Giugno 2015","format":false,"excerpt":"Fervono i preparativi per la nona edizione della nostra amata Festa della Banda. Dopo qualche lungaggine dovuta a piccoli problemi di gestione della TensoStruttura possiamo finalmente annunciare tutte le novit\u00e0 di questa nona edizione. La festa si terr\u00e0 da gioved\u00ec 9 luglio a domenica 12 luglio, con quattro serate diverse\u2026","rel":"","context":"In &quot;Festa della banda&quot;","img":{"alt_text":"","src":"","width":0,"height":0},"classes":[]},{"id":686,"url":"https:\/\/www.bandacastanoprimo.it\/blog\/2016\/05\/beerbanda-2016-news\/","url_meta":{"origin":403,"position":4},"title":"BeerBanda 2016 &#8211; NEWS","date":"19 Maggio 2016","format":false,"excerpt":"Eccoci con il DECIMO appuntamento della Festa della Banda, versione BeerBanda. 4 giorni di festa, birra, musica, cibo in nostra compagnia. E come ogni anno saremo presenti presso la\u00a0Tensostruttura Castano Primo con i nostri spillatori e i nostri fornelli per offrirvi delle piacevoli serate estive. Ecco il programma ufficiale *\u2026","rel":"","context":"In &quot;Festa della banda&quot;","img":{"alt_text":"","src":"","width":0,"height":0},"classes":[]},{"id":392,"url":"https:\/\/www.bandacastanoprimo.it\/blog\/2014\/07\/beerbanda-2014\/","url_meta":{"origin":403,"position":5},"title":"BEERBANDA 2014","date":"4 Luglio 2014","format":false,"excerpt":"","rel":"","context":"In &quot;Festa della banda&quot;","img":{"alt_text":"","src":"","width":0,"height":0},"classes":[]}],"_links":{"self":[{"href":"https:\/\/www.bandacastanoprimo.it\/blog\/wp-json\/wp\/v2\/posts\/403"}],"collection":[{"href":"https:\/\/www.bandacastanoprimo.it\/blog\/wp-json\/wp\/v2\/posts"}],"about":[{"href":"https:\/\/www.bandacastanoprimo.it\/blog\/wp-json\/wp\/v2\/types\/post"}],"author":[{"embeddable":true,"href":"https:\/\/www.bandacastanoprimo.it\/blog\/wp-json\/wp\/v2\/users\/1"}],"replies":[{"embeddable":true,"href":"https:\/\/www.bandacastanoprimo.it\/blog\/wp-json\/wp\/v2\/comments?post=403"}],"version-history":[{"count":2,"href":"https:\/\/www.bandacastanoprimo.it\/blog\/wp-json\/wp\/v2\/posts\/403\/revisions"}],"predecessor-version":[{"id":407,"href":"https:\/\/www.bandacastanoprimo.it\/blog\/wp-json\/wp\/v2\/posts\/403\/revisions\/407"}],"wp:attachment":[{"href":"https:\/\/www.bandacastanoprimo.it\/blog\/wp-json\/wp\/v2\/media?parent=403"}],"wp:term":[{"taxonomy":"category","embeddable":true,"href":"https:\/\/www.bandacastanoprimo.it\/blog\/wp-json\/wp\/v2\/categories?post=403"},{"taxonomy":"post_tag","embeddable":true,"href":"https:\/\/www.bandacastanoprimo.it\/blog\/wp-json\/wp\/v2\/tags?post=403"}],"curies":[{"name":"wp","href":"https:\/\/api.w.org\/{rel}","templated":true}]}}